{"id":529,"date":"2020-08-24T13:47:59","date_gmt":"2020-08-24T10:47:59","guid":{"rendered":"http:\/\/94.237.113.185\/~totemtea\/?p=529"},"modified":"2025-10-03T14:20:02","modified_gmt":"2025-10-03T11:20:02","slug":"menneet","status":"publish","type":"post","link":"https:\/\/www.totemteatteri.com\/sv\/menneet\/","title":{"rendered":"Arkiv"},"content":{"rendered":"<p><\/p>\n\n\n\n<h2 class=\"wp-block-heading has-theme-color-two-color has-text-color\">F\u00d6REST\u00c4LLNINGAR<\/h2>\n\n\n\n<p><strong>VETELEHTIJ\u00c4T<\/strong><br>K\u00e4sikirjoitus ja ohjaus: Lauri Antti Mattila<br>Ensi-ilta: 23.1.2025<\/p>\n\n\n\n<p><strong>KUVITELLAAN TOIVO<\/strong><br>K\u00e4sikirjoitus: Iida Koro<br>Ohjaus: Joel Teixeira Neves<br>Ensi-ilta: 17.1.2024<\/p>\n\n\n\n<p><strong>OIKOPOLKU PEITTOMETS\u00c4\u00c4N<\/strong><br>K\u00e4sikirjoitus ja ohjaus: Louna-Tuuli Luukka<br>Dramaturgia: Tuomas Timonen<br>Ensi-ilta: 6.9.2023<\/p>\n\n\n\n<p><strong>PUSSAUSKOPPI<\/strong><br>K\u00e4sikirjoitus ja ohjaus: Jonna Wikstr\u00f6m<br>Ensi-ilta: 11.1.2023<\/p>\n\n\n\n<p class=\"translation-block\"><strong>RD TRDN<\/strong><br>\n\u2013 en pj\u00e4s om det som r\u00f6r sig mellan m\u00e4nniskor<br>\nRegi: Tuomas Laitinen<br>\nDramaturgi: Katariina Numminen<br>\nPremi\u00e4r: 3.3.2014<\/p>\n\n\n\n<p><strong>1000 PAPERISTA KURKEA<\/strong><br>&#8211; &nbsp;tarina r\u00e4j\u00e4hdyksest\u00e4 ja rauhasta<br>K\u00e4sikirjoitus ja ohjaus: Johanna Freundlich<br>Ensi-ilta 19.1.2022<\/p>\n\n\n\n<p><strong>IHANA SININEN<\/strong><br>&#8211; esitys ihmisten ja esineiden suhteesta&nbsp;<br>K\u00e4sikirjoitus ja ohjaus: Pilvi Porkola<br>Ensi-ilta 15.1.2020<\/p>\n\n\n\n<p><strong>LAMMASSAARESSA<\/strong><br>\u2013 komedia k\u00e4ytt\u00e4ytymiss\u00e4\u00e4nn\u00f6ist\u00e4<br>K\u00e4sikirjoitus ja ohjaus: Tuomas Timonen<br>Ensi-ilta 23.1.2019<\/p>\n\n\n\n<p class=\"translation-block\"><strong>TULPANBUBBLAN<\/strong><br>\n\u2013 b\u00f6rskraschen och pengarnas uppkomst<br>\nManus och regi: Janne Saarakkala<br>\n\u00d6vers\u00e4ttning: Annina Enckell<br>\nPremi\u00e4r: 13.9.2018<\/p>\n\n\n\n<p class=\"translation-block\"><strong>FLYGANDETS ABC<\/strong><br>\u2013 en f\u00f6rest\u00e4llning om flygandets g\u00e5ta och superhj\u00e4ltemod<br>\nManus och regi: Pilvi Porkola<br>\n\u00d6vers\u00e4ttning: Annina Enckell<br>\nPremi\u00e4r: 17.1.2017<\/p>\n\n\n\n<p><strong>SATTUMIA<\/strong> ja SIVUPOLKUJA<br>\u2013 hyv\u00e4ntuulinen sekamelska musiikkia, tanssia ja tarinankerrontaa<br>K\u00e4sikirjoitus ja ohjaus: Tuomas Timonen<br>Ensi-ilta: 14.1.2016<\/p>\n\n\n\n<p class=\"translation-block\"><strong>HUNDEN KASTANJ<\/strong><br>\nRegi: Juha Hurme<br>\nManus: Juha Hurme p\u00e5 basis av Anton Tjechovs novell<br>\nPremi\u00e4r: 14.1.2015<\/p>\n\n\n\n<p class=\"translation-block\"><strong>RD TRDN<\/strong><br>\n\u2013 en pj\u00e4s om det som r\u00f6r sig mellan m\u00e4nniskor<br>\nRegi: Tuomas Laitinen<br>\nPremi\u00e4r: 29.1.2014<\/p>\n\n\n\n<p class=\"translation-block\"><strong>DEN TURNERANDE FR\u00c5GEKOMMIT\u00c9N<\/strong><br>\n\u2013 allt som du alltid har velat veta<br>\nRegi: Essi R\u00e4is\u00e4nen<br>\nPremi\u00e4r 18.1.2013<\/p>\n\n\n\n<p class=\"translation-block\"><strong>JAG \u00c4R KUNGEN<\/strong><br>\n\u2013 en ber\u00e4ttelse om makt, misstag och Macbeth<br>\nRegi: Marielle Eklund-Vasama<br>\n20.1 2012<\/p>\n\n\n\n<p class=\"translation-block\"><strong>DR\u00d6MMEN OM EN CYKEL AV GLAS<\/strong><br>\n\u2013 en f\u00f6rest\u00e4llning om all v\u00e4rldens sk\u00f6nhet<br>\nRegi: Anna-Mari Karvonen<br>\nPremi\u00e4r: 20.1.2011<\/p>\n\n\n\n<p class=\"translation-block\"><strong>KALEVALA P\u00c5 SP\u00c5REN<\/strong><br>\n- en resa till Kalevalas mytiska v\u00e4rld<br>\nRegi: Atro Kahiluoto<br>\nPremi\u00e4r: 15.12.2009<\/p>\n\n\n\n<p class=\"translation-block\"><strong>TRAPPHUSTRUMMISEN<\/strong><br>\nRegi och manus, baserat p\u00e5 arbetsgruppens improvisationer: Salla Taskinen<br>\nPremi\u00e4r: 15.10.2008<\/p>\n\n\n\n<p class=\"translation-block\"><strong>LUFFARSKOLAN<\/strong><br>\nRegi: Atro Kahiluoto<br>\nPremi\u00e4r: 19.9.2007, 1.9.2009<\/p>\n\n\n\n<p class=\"translation-block\"><strong>WELLING&amp;GR\u00d6TH I SMETEN!<\/strong><br>\nRegi: Arn-Henrik Blomqvist<br>\nPremi\u00e4r: 10.10.2006<br><\/p>\n\n\n\n<p class=\"translation-block\"><strong>URV\u00c4RK<\/strong><br>\nRegi: Salla Taskinen<br>\nPremi\u00e4r: 30.8.2005<\/p>\n\n\n\n<p class=\"translation-block\"><strong>ETT TV\u00c5 TRE, \u00c4SCH<\/strong><br>\nRegi: Salla Taskinen<br>\nPremi\u00e4r: 16.9.2004<\/p>\n\n\n\n<p class=\"translation-block\"><strong>AKT UTAN ORD I OCH II<\/strong><br>\nRegi: Riku Saastamoinen<br>\nPremi\u00e4r 16.9.2003<\/p>\n\n\n\n<p class=\"translation-block\"><strong>ROBINSON UTAN ORD<\/strong><br>\nRegi: Riku Saastamoinen<br>\nPremi\u00e4r 10.9.2002<\/p>\n\n\n\n<p class=\"translation-block\"><strong>POW - N\u00c4R VARDAGEN SL\u00c5R KNOCKOUT<\/strong><br>\nRegi: Soila Valkama<br>\nPremi\u00e4r 13.9.2001<\/p>\n\n\n\n<p class=\"translation-block\"><strong>1&amp;1<\/strong><br>\nRegi: Tove Appelgren<br>\nPremi\u00e4r 8.9.2000<\/p>\n\n\n\n<p class=\"translation-block\"><strong>MUSIK, ERS MAJEST\u00c4T!<\/strong><br>\nRegi: Mikaela Has\u00e1n<br>\nPremi\u00e4r 7.9.1999<\/p>\n\n\n\n<p class=\"translation-block\"><strong>VILKET OLJUD!<\/strong><br>\nRegi: Marina Motaleff<br>\nPremi\u00e4r 4.11.1998<\/p>\n\n\n\n<p class=\"translation-block\"><strong>MAIJA SNORUNGE<\/strong><br>\nRegi: Harriet Abrahamsson<br>\nPremi\u00e4r 27.10.1997<\/p>\n\n\n\n<p class=\"translation-block\"><strong>RAPUNZEL<\/strong><br>\nRegi: Tove Granqvist<br>\nPremi\u00e4r 15.10.1996<\/p>\n\n\n\n<p class=\"translation-block\"><strong>CIRKUSTANTERNA<\/strong><br>\nRegi: Cris af Enehielm<br>\nPremi\u00e4r 29.9.1995<\/p>\n\n\n\n<p class=\"translation-block\"><strong>KLAUNOFF<\/strong><br>\nRegi: Cris af Enehielm<br>\nPremi\u00e4r 14.10.1994<\/p>\n\n\n\n<p class=\"translation-block\"><strong>ZAKA ZAKA PAX<\/strong><br>\nRegi: Ida-Lotta Backman<br>\nPremi\u00e4r 7.10.1993<\/p>\n\n\n\n<p class=\"translation-block\"><strong>MADAME MIRA-BELLE<\/strong><br>\nP\u00e4ivi Rissanen<br>\nPremi\u00e4r 29.9.1991<br>\n<br>\n<strong>MA - HOOOOOI<\/strong><br>\nRegi: Ida-Lotta Backman<br>\nPremi\u00e4r 1.10.1992<\/p>\n\n\n\n<p class=\"translation-block\"><strong>PIC &amp; NIC &amp; !!!<\/strong><br>\nRegi: Ida-Lotta Backman<br>\nPremi\u00e4r 30.9.1990<\/p>\n\n\n\n<p class=\"translation-block\"><strong>TA FATT \u2013 OM DU KAN<\/strong><br>\nRegi: Titta Karakorpi<br>\nPremi\u00e4r 4.4.1989<\/p>\n\n\n\n<p class=\"translation-block\"><strong>PIC &amp; NIC P\u00c5 UTF\u00c4RD<\/strong><br>\nRegi: Marjan Raar<br>\nPremi\u00e4r 2.6.1988<\/p>\n\n\n\n<p class=\"translation-block\"><strong>PIC &amp; NIC<\/strong><br>\nRegi: Ida-Lotta Backman<br>\nPremi\u00e4r 13.2.1987<\/p>\n\n\n\n<div style=\"height:20px\" aria-hidden=\"true\" class=\"wp-block-spacer\"><\/div>\n\n\n\n<h2 class=\"wp-block-heading\"><mark style=\"background-color:rgba(0, 0, 0, 0)\" class=\"has-inline-color has-theme-color-two-color\">PUBLIKARBETE och KONSTFOSTRAN<\/mark><\/h2>\n\n\n\n<p>2022 <br><strong>TAITEKOHTA<\/strong>-ty\u00f6paja <br>Camilla Anderz\u00e9n, Iiris Autio, Ia Tanskanen, Riikka Niemist\u00f6, Irene Tuominen, Charlotte Karlsson ja Sanna-Riikka Liski<\/p>\n\n\n\n<p>2021<br><strong>I MNSTR<\/strong>-ty\u00f6paja <br>Camilla Anderz\u00e9n, Iiris Autio, Ia Tanskanen, Irene Tuominen, Riikka Niemist\u00f6 ja Louna-Tuuli Luukka<\/p>\n\n\n\n<p>2020<br><strong>ESINEELLIST\u00c4<\/strong>-ty\u00f6paja<br>Camilla Anderz\u00e9n, Iiris Autio, Tanja Turpeinen, Ia Tanskanen<\/p>\n\n\n\n<p>2019<br><strong>POIKKEUSS\u00c4\u00c4NT\u00d6<\/strong>-ty\u00f6paja<br>Tanja Turpeinen, Camilla Anderz\u00e9n, Iiris Autio, Louna-Tuuli Luukka<\/p>\n\n\n\n<p class=\"translation-block\">2018-2019<br>\n<strong>VAD \u00c4R DEN V\u00c4RD?<\/strong> - verkstad<br>\nCamilla Anderz\u00e9n, Iiris Autio<\/p>\n\n\n\n<p class=\"translation-block\">2017<br>\n<strong>LUFTSPR\u00c5NG<\/strong>-verkstad<br>\nLouna-Tuuli Luukka, Camilla Anderz\u00e9n<\/p>\n\n\n\n<p>2016<br><strong>OIKEA V\u00c4\u00c4R\u00c4 VASTAUS<\/strong> -ty\u00f6paja<br>Louna-Tuuli Luukka, Camilla Anderz\u00e9n<\/p>\n\n\n\n<p><strong>Meid\u00e4n luokan kulttuurit<\/strong> -ty\u00f6pajakokonaisuus<br>Camilla Anderz\u00e9n<\/p>\n\n\n\n<p class=\"translation-block\">2015-2016<br>\n<strong>K\u00c4PP ELLER MOROT?<\/strong> -verkstad<br>\nLouna-Tuuli Luukka, Camilla Anderz\u00e9n<br><\/p>\n\n\n\n<p class=\"translation-block\">2014<br>\n<strong>REPDRAGNINGSKRAFT<\/strong>-verkstad<br>\nLouna-Tuuli Luukka, Camilla Anderz\u00e9n<br><\/p>\n\n\n\n<p>2013<br><strong>VASTAUKSISTA VIIS!<\/strong> \u2013 kaikenkarvainen kysymysty\u00f6paja<br>Joel Neves<\/p>\n\n\n\n<p><strong>SEALIFE UPONNEET<\/strong><br>Suzanne Osten, Aalto-yliopisto ja Jalostamo-kollektiivin<\/p>\n\n\n\n<p>2013-2011<br><strong>VIENAN KARJALAN TAIDEHANKE<\/strong><br>Juho Hellst\u00e9n, Maari Kallberg, P\u00e4ivi Rissanen, Anna-Liisa Linnala<\/p>\n\n\n\n<p>2012<br><strong>TANSSIPAINOTTEINEN PERUSKOULU ESPOOSEEN<br><\/strong>P\u00e4ivi Rissanen<\/p>\n\n\n\n<p>2011<br><strong>SUVELA KATUTAITEILEE<br><\/strong>Timo Vaittinen, Hans-Peter Sch\u00fctt<\/p>\n\n\n\n<p>2010<br><strong>IPANA KOHTAA ESITYKSEN<br><\/strong>Janne Lonka, Tiina Pistemaa, Mirkka Forsberg<\/p>\n\n\n\n<p>2009<br><strong>IPANA KOHTAA TAITEILIJAN<br><\/strong>Teemu M\u00e4ki<\/p>\n\n\n\n<p>2008<br><strong>IPANA KOHTAA TAITEILIJAN<br><\/strong>Reijo Kela, Kalle J\u00e4rvenp\u00e4\u00e4, Joona Saloranta<\/p>\n\n\n\n<p>2007<br><strong>IPANA KOHTAA TAITEILIJAN<br><\/strong>Jorma Uotinen<\/p>\n\n\n\n<p>2006<br><strong>TIKAPUITA PITKIN TAIVAASEEN<br><\/strong>Eve Alho<\/p>\n\n\n\n<p>2005<br><strong>KUKAN P\u00c4IV\u00c4<br><\/strong>Marielle Eklund-Vasama<\/p>\n\n\n\n<p><strong>KUKAN P\u00c4IV\u00c4<\/strong> -ty\u00f6pajat<br>P\u00e4ivi Rissanen<\/p>\n\n\n\n<p>2004<br><strong>KUMMAJAISET<\/strong><br>Karin Pennanen, P\u00e4ivi Rissanen<\/p>\n\n\n\n<p>2003<br><strong>ARKISET ASKELEET 2<br><\/strong>TOTEM-teatern<\/p>\n\n\n\n<p>2002<br><strong>ARKISET ASKELEET 1<br><\/strong>TOTEM-teatern<\/p>\n\n\n\n<p>2002<br><strong>LENT\u00c4V\u00c4 PULSA<br><\/strong>TOTEM-teatern<\/p>\n\n\n\n<p>2002-2001<br><strong>WEBS\u00c4KKI-PROJEKTI<br><\/strong>P\u00e4ivi Rissanen, Tove Appelgren, Soila Valkama<\/p>\n\n\n\n<p>2002-1999<br><strong>LAPSI LIIKKEESS\u00c4<br><\/strong>Riitta Py\u00f6rre, P\u00e4ivi Rissanen<\/p>\n\n\n\n<p>1999-1997<br><strong>TOTEM-tusina<br><\/strong>Ulla Py\u00f6rre, Riitta Py\u00f6rre<\/p>","protected":false},"excerpt":{"rendered":"<p>Tidigare f\u00f6rest\u00e4llningar, publikarbete och konstfostran<\/p>","protected":false},"author":2,"featured_media":463,"comment_status":"closed","ping_status":"closed","sticky":false,"template":"","format":"standard","meta":{"footnotes":""},"categories":[4,2],"tags":[26],"class_list":["post-529","post","type-post","status-publish","format-standard","has-post-thumbnail","hentry","category-ohjelmisto","category-tiedot","tag-arkisto"],"yoast_head":"<!-- This site is optimized with the Yoast SEO plugin v26.8 - https:\/\/yoast.com\/product\/yoast-seo-wordpress\/ -->\n<title>Arkisto - TOTEM-teatteri<\/title>\n<meta name=\"robots\" content=\"index, follow, max-snippet:-1, max-image-preview:large, max-video-preview:-1\" \/>\n<link rel=\"canonical\" href=\"https:\/\/www.totemteatteri.com\/sv\/menneet\/\" \/>\n<meta property=\"og:locale\" content=\"sv_SE\" \/>\n<meta property=\"og:type\" content=\"article\" \/>\n<meta property=\"og:title\" content=\"Arkisto - TOTEM-teatteri\" \/>\n<meta property=\"og:description\" content=\"TOTEM-teatterin menneet esitykset sek\u00e4 yleis\u00f6ty\u00f6- ja taidekasvatushankkeet\" \/>\n<meta property=\"og:url\" content=\"https:\/\/www.totemteatteri.com\/sv\/menneet\/\" \/>\n<meta property=\"og:site_name\" content=\"TOTEM-teatteri\" \/>\n<meta property=\"article:published_time\" content=\"2020-08-24T10:47:59+00:00\" \/>\n<meta property=\"article:modified_time\" content=\"2025-10-03T11:20:02+00:00\" \/>\n<meta property=\"og:image\" content=\"https:\/\/www.totemteatteri.com\/wp-content\/uploads\/2020\/08\/arkisto_art-kuva-1-w1920.png\" \/>\n\t<meta property=\"og:image:width\" content=\"1920\" \/>\n\t<meta property=\"og:image:height\" content=\"1080\" \/>\n\t<meta property=\"og:image:type\" content=\"image\/png\" \/>\n<meta name=\"author\" content=\"Pate Pesonius\" \/>\n<meta name=\"twitter:card\" content=\"summary_large_image\" \/>\n<meta name=\"twitter:label1\" content=\"Skriven av\" \/>\n\t<meta name=\"twitter:data1\" content=\"Pate Pesonius\" \/>\n\t<meta name=\"twitter:label2\" content=\"Ber\u00e4knad l\u00e4stid\" \/>\n\t<meta name=\"twitter:data2\" content=\"5 minuter\" \/>\n<script type=\"application\/ld+json\" class=\"yoast-schema-graph\">{\"@context\":\"https:\/\/schema.org\",\"@graph\":[{\"@type\":\"Article\",\"@id\":\"https:\/\/www.totemteatteri.com\/menneet\/#article\",\"isPartOf\":{\"@id\":\"https:\/\/www.totemteatteri.com\/menneet\/\"},\"author\":{\"name\":\"Pate Pesonius\",\"@id\":\"http:\/\/www.totemteatteri.com\/#\/schema\/person\/88562c9a1558b69c58ea7e281dcf5a2b\"},\"headline\":\"Arkisto\",\"datePublished\":\"2020-08-24T10:47:59+00:00\",\"dateModified\":\"2025-10-03T11:20:02+00:00\",\"mainEntityOfPage\":{\"@id\":\"https:\/\/www.totemteatteri.com\/menneet\/\"},\"wordCount\":616,\"publisher\":{\"@id\":\"http:\/\/www.totemteatteri.com\/#organization\"},\"image\":{\"@id\":\"https:\/\/www.totemteatteri.com\/menneet\/#primaryimage\"},\"thumbnailUrl\":\"https:\/\/www.totemteatteri.com\/wp-content\/uploads\/2020\/08\/arkisto_art-kuva-1-w1920.png\",\"keywords\":[\"arkisto\"],\"articleSection\":[\"Ohjelmisto\",\"Tiedot\"],\"inLanguage\":\"sv-SE\"},{\"@type\":\"WebPage\",\"@id\":\"https:\/\/www.totemteatteri.com\/menneet\/\",\"url\":\"https:\/\/www.totemteatteri.com\/menneet\/\",\"name\":\"Arkisto - TOTEM-teatteri\",\"isPartOf\":{\"@id\":\"http:\/\/www.totemteatteri.com\/#website\"},\"primaryImageOfPage\":{\"@id\":\"https:\/\/www.totemteatteri.com\/menneet\/#primaryimage\"},\"image\":{\"@id\":\"https:\/\/www.totemteatteri.com\/menneet\/#primaryimage\"},\"thumbnailUrl\":\"https:\/\/www.totemteatteri.com\/wp-content\/uploads\/2020\/08\/arkisto_art-kuva-1-w1920.png\",\"datePublished\":\"2020-08-24T10:47:59+00:00\",\"dateModified\":\"2025-10-03T11:20:02+00:00\",\"inLanguage\":\"sv-SE\",\"potentialAction\":[{\"@type\":\"ReadAction\",\"target\":[\"https:\/\/www.totemteatteri.com\/menneet\/\"]}]},{\"@type\":\"ImageObject\",\"inLanguage\":\"sv-SE\",\"@id\":\"https:\/\/www.totemteatteri.com\/menneet\/#primaryimage\",\"url\":\"https:\/\/www.totemteatteri.com\/wp-content\/uploads\/2020\/08\/arkisto_art-kuva-1-w1920.png\",\"contentUrl\":\"https:\/\/www.totemteatteri.com\/wp-content\/uploads\/2020\/08\/arkisto_art-kuva-1-w1920.png\",\"width\":1920,\"height\":1080},{\"@type\":\"WebSite\",\"@id\":\"http:\/\/www.totemteatteri.com\/#website\",\"url\":\"http:\/\/www.totemteatteri.com\/\",\"name\":\"TOTEM-teatteri\",\"description\":\"TOTEM-teatterin kotisivut\",\"publisher\":{\"@id\":\"http:\/\/www.totemteatteri.com\/#organization\"},\"potentialAction\":[{\"@type\":\"SearchAction\",\"target\":{\"@type\":\"EntryPoint\",\"urlTemplate\":\"http:\/\/www.totemteatteri.com\/?s={search_term_string}\"},\"query-input\":{\"@type\":\"PropertyValueSpecification\",\"valueRequired\":true,\"valueName\":\"search_term_string\"}}],\"inLanguage\":\"sv-SE\"},{\"@type\":\"Organization\",\"@id\":\"http:\/\/www.totemteatteri.com\/#organization\",\"name\":\"TOTEM-teatteri\",\"url\":\"http:\/\/www.totemteatteri.com\/\",\"logo\":{\"@type\":\"ImageObject\",\"inLanguage\":\"sv-SE\",\"@id\":\"http:\/\/www.totemteatteri.com\/#\/schema\/logo\/image\/\",\"url\":\"https:\/\/www.totemteatteri.com\/wp-content\/uploads\/2023\/03\/logo-vaaka-sini-1100x200-1.jpg\",\"contentUrl\":\"https:\/\/www.totemteatteri.com\/wp-content\/uploads\/2023\/03\/logo-vaaka-sini-1100x200-1.jpg\",\"width\":1100,\"height\":200,\"caption\":\"TOTEM-teatteri\"},\"image\":{\"@id\":\"http:\/\/www.totemteatteri.com\/#\/schema\/logo\/image\/\"}},{\"@type\":\"Person\",\"@id\":\"http:\/\/www.totemteatteri.com\/#\/schema\/person\/88562c9a1558b69c58ea7e281dcf5a2b\",\"name\":\"Pate Pesonius\",\"image\":{\"@type\":\"ImageObject\",\"inLanguage\":\"sv-SE\",\"@id\":\"http:\/\/www.totemteatteri.com\/#\/schema\/person\/image\/\",\"url\":\"https:\/\/secure.gravatar.com\/avatar\/dc3693dce44c6c3866a768d9fe58b4675afdfcf0437463d736d6bae3781eb2b8?s=96&d=mm&r=g\",\"contentUrl\":\"https:\/\/secure.gravatar.com\/avatar\/dc3693dce44c6c3866a768d9fe58b4675afdfcf0437463d736d6bae3781eb2b8?s=96&d=mm&r=g\",\"caption\":\"Pate Pesonius\"},\"url\":\"https:\/\/www.totemteatteri.com\/sv\/author\/pate\/\"}]}<\/script>\n<!-- \/ Yoast SEO plugin. -->","yoast_head_json":{"title":"Arkisto - TOTEM-teatteri","robots":{"index":"index","follow":"follow","max-snippet":"max-snippet:-1","max-image-preview":"max-image-preview:large","max-video-preview":"max-video-preview:-1"},"canonical":"https:\/\/www.totemteatteri.com\/sv\/menneet\/","og_locale":"sv_SE","og_type":"article","og_title":"Arkisto - TOTEM-teatteri","og_description":"TOTEM-teatterin menneet esitykset sek\u00e4 yleis\u00f6ty\u00f6- ja taidekasvatushankkeet","og_url":"https:\/\/www.totemteatteri.com\/sv\/menneet\/","og_site_name":"TOTEM-teatteri","article_published_time":"2020-08-24T10:47:59+00:00","article_modified_time":"2025-10-03T11:20:02+00:00","og_image":[{"width":1920,"height":1080,"url":"https:\/\/www.totemteatteri.com\/wp-content\/uploads\/2020\/08\/arkisto_art-kuva-1-w1920.png","type":"image\/png"}],"author":"Pate Pesonius","twitter_card":"summary_large_image","twitter_misc":{"Skriven av":"Pate Pesonius","Ber\u00e4knad l\u00e4stid":"5 minuter"},"schema":{"@context":"https:\/\/schema.org","@graph":[{"@type":"Article","@id":"https:\/\/www.totemteatteri.com\/menneet\/#article","isPartOf":{"@id":"https:\/\/www.totemteatteri.com\/menneet\/"},"author":{"name":"Pate Pesonius","@id":"http:\/\/www.totemteatteri.com\/#\/schema\/person\/88562c9a1558b69c58ea7e281dcf5a2b"},"headline":"Arkisto","datePublished":"2020-08-24T10:47:59+00:00","dateModified":"2025-10-03T11:20:02+00:00","mainEntityOfPage":{"@id":"https:\/\/www.totemteatteri.com\/menneet\/"},"wordCount":616,"publisher":{"@id":"http:\/\/www.totemteatteri.com\/#organization"},"image":{"@id":"https:\/\/www.totemteatteri.com\/menneet\/#primaryimage"},"thumbnailUrl":"https:\/\/www.totemteatteri.com\/wp-content\/uploads\/2020\/08\/arkisto_art-kuva-1-w1920.png","keywords":["arkisto"],"articleSection":["Ohjelmisto","Tiedot"],"inLanguage":"sv-SE"},{"@type":"WebPage","@id":"https:\/\/www.totemteatteri.com\/menneet\/","url":"https:\/\/www.totemteatteri.com\/menneet\/","name":"Arkisto - TOTEM-teatteri","isPartOf":{"@id":"http:\/\/www.totemteatteri.com\/#website"},"primaryImageOfPage":{"@id":"https:\/\/www.totemteatteri.com\/menneet\/#primaryimage"},"image":{"@id":"https:\/\/www.totemteatteri.com\/menneet\/#primaryimage"},"thumbnailUrl":"https:\/\/www.totemteatteri.com\/wp-content\/uploads\/2020\/08\/arkisto_art-kuva-1-w1920.png","datePublished":"2020-08-24T10:47:59+00:00","dateModified":"2025-10-03T11:20:02+00:00","inLanguage":"sv-SE","potentialAction":[{"@type":"ReadAction","target":["https:\/\/www.totemteatteri.com\/menneet\/"]}]},{"@type":"ImageObject","inLanguage":"sv-SE","@id":"https:\/\/www.totemteatteri.com\/menneet\/#primaryimage","url":"https:\/\/www.totemteatteri.com\/wp-content\/uploads\/2020\/08\/arkisto_art-kuva-1-w1920.png","contentUrl":"https:\/\/www.totemteatteri.com\/wp-content\/uploads\/2020\/08\/arkisto_art-kuva-1-w1920.png","width":1920,"height":1080},{"@type":"WebSite","@id":"http:\/\/www.totemteatteri.com\/#website","url":"http:\/\/www.totemteatteri.com\/","name":"TOTEM-teatern","description":"TOTEM-teatterin kotisivut","publisher":{"@id":"http:\/\/www.totemteatteri.com\/#organization"},"potentialAction":[{"@type":"SearchAction","target":{"@type":"EntryPoint","urlTemplate":"http:\/\/www.totemteatteri.com\/?s={search_term_string}"},"query-input":{"@type":"PropertyValueSpecification","valueRequired":true,"valueName":"search_term_string"}}],"inLanguage":"sv-SE"},{"@type":"Organization","@id":"http:\/\/www.totemteatteri.com\/#organization","name":"TOTEM-teatern","url":"http:\/\/www.totemteatteri.com\/","logo":{"@type":"ImageObject","inLanguage":"sv-SE","@id":"http:\/\/www.totemteatteri.com\/#\/schema\/logo\/image\/","url":"https:\/\/www.totemteatteri.com\/wp-content\/uploads\/2023\/03\/logo-vaaka-sini-1100x200-1.jpg","contentUrl":"https:\/\/www.totemteatteri.com\/wp-content\/uploads\/2023\/03\/logo-vaaka-sini-1100x200-1.jpg","width":1100,"height":200,"caption":"TOTEM-teatteri"},"image":{"@id":"http:\/\/www.totemteatteri.com\/#\/schema\/logo\/image\/"}},{"@type":"Person","@id":"http:\/\/www.totemteatteri.com\/#\/schema\/person\/88562c9a1558b69c58ea7e281dcf5a2b","name":"Pate Pesonius","image":{"@type":"ImageObject","inLanguage":"sv-SE","@id":"http:\/\/www.totemteatteri.com\/#\/schema\/person\/image\/","url":"https:\/\/secure.gravatar.com\/avatar\/dc3693dce44c6c3866a768d9fe58b4675afdfcf0437463d736d6bae3781eb2b8?s=96&d=mm&r=g","contentUrl":"https:\/\/secure.gravatar.com\/avatar\/dc3693dce44c6c3866a768d9fe58b4675afdfcf0437463d736d6bae3781eb2b8?s=96&d=mm&r=g","caption":"Pate Pesonius"},"url":"https:\/\/www.totemteatteri.com\/sv\/author\/pate\/"}]}},"_links":{"self":[{"href":"https:\/\/www.totemteatteri.com\/sv\/wp-json\/wp\/v2\/posts\/529","targetHints":{"allow":["GET"]}}],"collection":[{"href":"https:\/\/www.totemteatteri.com\/sv\/wp-json\/wp\/v2\/posts"}],"about":[{"href":"https:\/\/www.totemteatteri.com\/sv\/wp-json\/wp\/v2\/types\/post"}],"author":[{"embeddable":true,"href":"https:\/\/www.totemteatteri.com\/sv\/wp-json\/wp\/v2\/users\/2"}],"replies":[{"embeddable":true,"href":"https:\/\/www.totemteatteri.com\/sv\/wp-json\/wp\/v2\/comments?post=529"}],"version-history":[{"count":15,"href":"https:\/\/www.totemteatteri.com\/sv\/wp-json\/wp\/v2\/posts\/529\/revisions"}],"predecessor-version":[{"id":1999,"href":"https:\/\/www.totemteatteri.com\/sv\/wp-json\/wp\/v2\/posts\/529\/revisions\/1999"}],"wp:featuredmedia":[{"embeddable":true,"href":"https:\/\/www.totemteatteri.com\/sv\/wp-json\/wp\/v2\/media\/463"}],"wp:attachment":[{"href":"https:\/\/www.totemteatteri.com\/sv\/wp-json\/wp\/v2\/media?parent=529"}],"wp:term":[{"taxonomy":"category","embeddable":true,"href":"https:\/\/www.totemteatteri.com\/sv\/wp-json\/wp\/v2\/categories?post=529"},{"taxonomy":"post_tag","embeddable":true,"href":"https:\/\/www.totemteatteri.com\/sv\/wp-json\/wp\/v2\/tags?post=529"}],"curies":[{"name":"wp","href":"https:\/\/api.w.org\/{rel}","templated":true}]}}