{"id":1863,"date":"2025-03-19T14:08:10","date_gmt":"2025-03-19T12:08:10","guid":{"rendered":"https:\/\/www.totemteatteri.com\/?p=1863"},"modified":"2025-08-18T13:01:32","modified_gmt":"2025-08-18T10:01:32","slug":"rokkaava-vahtimestari-loytaa-aikaa-oppilaille","status":"publish","type":"post","link":"https:\/\/www.totemteatteri.com\/sv\/rokkaava-vahtimestari-loytaa-aikaa-oppilaille\/","title":{"rendered":"Rokkaava vahtimestari l\u00f6yt\u00e4\u00e4 aikaa oppilaille"},"content":{"rendered":"<p>On aikainen aamu. TOTEM-teatterin pakettiauto kaartaa koulun pihaan. Alkamassa on kenraaliharjoitus Perkkaan koulussa Espoossa. Vahtimestari <strong>Kari Isolehto<\/strong> avaa ovat n\u00e4yttelij\u00f6ille ja p\u00e4\u00e4st\u00e4\u00e4 heid\u00e4t rakentamaan esityst\u00e4 koulun liikuntasaliin.<\/p>\n\n\n\n<p>Kari huolehtii siit\u00e4, ett\u00e4 k\u00e4yt\u00e4nn\u00f6n j\u00e4rjestelyt ovat kunnossa vierailun aikana. H\u00e4n n\u00e4ytt\u00e4\u00e4, miss\u00e4 pukuhuoneet ovat, avaa irtotuolien varaston ja n\u00e4ytt\u00e4\u00e4, miten salin valaistus toimii.<\/p>\n\n\n\n<figure class=\"wp-block-image size-large is-resized\"><img loading=\"lazy\" decoding=\"async\" width=\"768\" height=\"1024\" src=\"https:\/\/www.totemteatteri.com\/wp-content\/uploads\/2025\/03\/kari_isolehto-768x1024.jpg\" alt=\"Vahtimestari Kari Isolehto\" class=\"wp-image-1864\" style=\"aspect-ratio:1;object-fit:cover;width:519px;height:auto\" srcset=\"https:\/\/www.totemteatteri.com\/wp-content\/uploads\/2025\/03\/kari_isolehto-768x1024.jpg 768w, https:\/\/www.totemteatteri.com\/wp-content\/uploads\/2025\/03\/kari_isolehto-225x300.jpg 225w, https:\/\/www.totemteatteri.com\/wp-content\/uploads\/2025\/03\/kari_isolehto-1152x1536.jpg 1152w, https:\/\/www.totemteatteri.com\/wp-content\/uploads\/2025\/03\/kari_isolehto-9x12.jpg 9w, https:\/\/www.totemteatteri.com\/wp-content\/uploads\/2025\/03\/kari_isolehto-1250x1667.jpg 1250w, https:\/\/www.totemteatteri.com\/wp-content\/uploads\/2025\/03\/kari_isolehto-rotated.jpg 1500w\" sizes=\"auto, (max-width: 768px) 100vw, 768px\" \/><figcaption class=\"wp-element-caption\">Kari Isolehto<\/figcaption><\/figure>\n\n\n\n<h4 class=\"wp-block-heading\"><strong>Rakennusalalta kouluun<\/strong><\/h4>\n\n\n\n<p>Kari on ty\u00f6skennellyt Perkkaan uudessa koulussa \u201dkalustuksesta saakka\u201d eli kolme vuotta. Sit\u00e4 ennen h\u00e4n toimi pitk\u00e4\u00e4n rakennusalan yritt\u00e4j\u00e4n\u00e4. Ty\u00f6 oli kuitenkin hieman erakkomaista, sill\u00e4 h\u00e4n teki remontteja Helsingin keskustan arvotaloissa, melkein aina yksin. Lis\u00e4ksi selk\u00e4 oli alkanut vihoitella. Oli siis aika vaihtaa alaa.<\/p>\n\n\n\n<p>Vahtimestarin ty\u00f6 tuntui sopivalta ja kiinnostavalta, sill\u00e4 ty\u00f6tahti oli rauhallisempi ja ty\u00f6 enimm\u00e4kseen istumaty\u00f6t\u00e4. Koulu puolestaan otti mielell\u00e4\u00e4n vastaan ty\u00f6ntekij\u00e4n, jolla oli tiet\u00e4myst\u00e4 tekniikasta ja talotekniikasta.<\/p>\n\n\n\n<h4 class=\"wp-block-heading\"><strong>Keskusteluja ja leivonnaisia<\/strong><\/h4>\n\n\n\n<p>Kari pit\u00e4\u00e4 ty\u00f6ss\u00e4\u00e4n erityisesti siit\u00e4, ett\u00e4 h\u00e4n saa olla avuksi muille. Opettajat, oppilaat ja muu henkil\u00f6kunta tulevat tutuiksi, kun heit\u00e4 tapaa joka p\u00e4iv\u00e4.<\/p>\n\n\n\n<p>\u2013 Tykk\u00e4\u00e4n jutella ihmisten kanssa, vaihtaa kuulumisia.<\/p>\n\n\n\n<p>Vahtimestarin ty\u00f6tilan sein\u00e4ll\u00e4 on kortteja, joita oppilaat ovat piirt\u00e4neet Karille. T\u00e4n\u00e4\u00e4n er\u00e4s oppilas toi h\u00e4nelle yst\u00e4v\u00e4np\u00e4iv\u00e4n kunniaksi itse leipomansa mokkapalan. Toinen tuo Karille kortin, jossa lukee: <em>Hyv\u00e4\u00e4 yst\u00e4v\u00e4np\u00e4iv\u00e4\u00e4 paras vahtimestari<\/em>.<\/p>\n\n\n\n<p>Lapset saattavat p\u00e4iv\u00e4n aikana poiketa spontaanisti juttelemaan. He kyselev\u00e4t mielell\u00e4\u00e4n vaikkapa Karin ty\u00f6st\u00e4 ja harrastuksista. My\u00f6s kouluun liittyvist\u00e4 asioista voidaan puhua yhdess\u00e4.<\/p>\n\n\n\n<p>\u2013 Yrit\u00e4n, ett\u00e4 kaikilla olisi t\u00e4\u00e4ll\u00e4 koulussa mukava olla ja arki sujuisi niin kuin pit\u00e4\u00e4, Kari sanoo.<\/p>\n\n\n\n<h4 class=\"wp-block-heading\"><strong>Vapaa-ajalla rokkia ja indie-musaa<\/strong><\/h4>\n\n\n\n<p>Kari kertoo katsoneensa kaikki TOTEM-teatterin esitykset Perkkaalla. H\u00e4n on itsekin innokas kulttuurin harrastaja. B\u00e4ndit <em>Merciless Rockers<\/em> ja <em>Midnight Blue<\/em> harjoittelevat ja kiert\u00e4v\u00e4t ahkerasti. Indie-musiikkia soittava Midnight Blue on kev\u00e4\u00e4ll\u00e4 menossa levytysstudioon.<\/p>\n\n\n\n<p>Merciless Rockers puolestaan on rokkib\u00e4ndi, joka on keikkaillut jo 24 vuoden ajan. Levyj\u00e4 on ilmestynyt kaksi.<\/p>\n\n\n\n<p>Viime syksyn\u00e4 seiskaluokkalaiset pyysiv\u00e4t Karia pika-aikataululla mukaan tapahtumaan, jossa oppilaat saivat itse j\u00e4rjest\u00e4\u00e4 hyv\u00e4n mielen tekoja. He olivat ideoineet musiikkihetken l\u00e4heisess\u00e4 seniorikodissa. Kari l\u00e4hti soittamaan kitaraa sinne.<\/p>\n\n\n\n<p>\u2013 Ensin mietin, kehtaanko l\u00e4hte\u00e4 tuollaisella varoitusajalla, mutta minua olisi harmittanut, jos en olisi ottanut haastetta vastaan. Se oli niin hyv\u00e4 asia, Kari sanoo.<\/p>\n\n\n\n<h4 class=\"wp-block-heading\"><strong>Ralli vei Pariisiin catwalkille<\/strong><\/h4>\n\n\n\n<p>Karin el\u00e4m\u00e4st\u00e4 ei ole puuttunut vauhtia, sill\u00e4 h\u00e4n ajoi rallia Suomen mestaruustasolla 17 vuoden ajan. Ralliura on nyt jo p\u00e4\u00e4ttynyt, mutta hienoja kokemuksia on mukava muistella.<\/p>\n\n\n\n<p>Kohokohta oli vuonna 1997, kun h\u00e4n sai kartanlukijansa kanssa SM-hopeaa.<\/p>\n\n\n\n<p>\u2013 Pariisista tuli kutsu Renaultilta tuhannen ihmisen kutsuvierastilaisuuteen Louvreen. Oli aika j\u00e4nn\u00e4 tunne menn\u00e4 catwalkia my\u00f6ten hakemaan palkintoa, Kari kertoo.<\/p>\n\n\n\n<p>Taustalla py\u00f6riv\u00e4t videop\u00e4tk\u00e4t heid\u00e4n hopea-ajostaan.<\/p>\n\n\n\n<p>\u2013 Se oli Once in a lifetime -juttu.<\/p>\n\n\n\n<p>Teksti ja kuva: Marjo Linnasalmi<\/p>","protected":false},"excerpt":{"rendered":"<p>On aikainen aamu. TOTEM-teatterin pakettiauto kaartaa koulun pihaan. Alkamassa on kenraaliharjoitus Perkkaan koulussa Espoossa. Vahtimestari Kari Isolehto avaa ovat n\u00e4yttelij\u00f6ille ja p\u00e4\u00e4st\u00e4\u00e4 heid\u00e4t rakentamaan esityst\u00e4 koulun liikuntasaliin. Kari huolehtii siit\u00e4,&#8230;<\/p>","protected":false},"author":1,"featured_media":1864,"comment_status":"closed","ping_status":"closed","sticky":true,"template":"","format":"standard","meta":{"footnotes":""},"categories":[29],"tags":[45,70,44,75],"class_list":["post-1863","post","type-post","status-publish","format-standard","has-post-thumbnail","hentry","category-blogi","tag-kiertue-esitys","tag-koulu","tag-lastenteatteri","tag-vahtimestari"],"yoast_head":"<!-- This site is optimized with the Yoast SEO plugin v26.8 - https:\/\/yoast.com\/product\/yoast-seo-wordpress\/ -->\n<title>Rokkaava vahtimestari l\u00f6yt\u00e4\u00e4 aikaa oppilaille - TOTEM-teatteri<\/title>\n<meta name=\"description\" content=\"Vahtimestari Kari Isolehto vaihtoi alaa rakennusalalta kouluun. H\u00e4n pit\u00e4\u00e4 ty\u00f6ss\u00e4\u00e4n eniten siit\u00e4, ett\u00e4 voi auttaa muita.\" \/>\n<meta name=\"robots\" content=\"index, follow, max-snippet:-1, max-image-preview:large, max-video-preview:-1\" \/>\n<link rel=\"canonical\" href=\"https:\/\/www.totemteatteri.com\/sv\/rokkaava-vahtimestari-loytaa-aikaa-oppilaille\/\" \/>\n<meta property=\"og:locale\" content=\"sv_SE\" \/>\n<meta property=\"og:type\" content=\"article\" \/>\n<meta property=\"og:title\" content=\"Rokkaava vahtimestari l\u00f6yt\u00e4\u00e4 aikaa oppilaille - TOTEM-teatteri\" \/>\n<meta property=\"og:description\" content=\"Vahtimestari Kari Isolehto vaihtoi alaa rakennusalalta kouluun. H\u00e4n pit\u00e4\u00e4 ty\u00f6ss\u00e4\u00e4n eniten siit\u00e4, ett\u00e4 voi auttaa muita.\" \/>\n<meta property=\"og:url\" content=\"https:\/\/www.totemteatteri.com\/sv\/rokkaava-vahtimestari-loytaa-aikaa-oppilaille\/\" \/>\n<meta property=\"og:site_name\" content=\"TOTEM-teatteri\" \/>\n<meta property=\"article:published_time\" content=\"2025-03-19T12:08:10+00:00\" \/>\n<meta property=\"article:modified_time\" content=\"2025-08-18T10:01:32+00:00\" \/>\n<meta property=\"og:image\" content=\"https:\/\/www.totemteatteri.com\/wp-content\/uploads\/2025\/03\/kari_isolehto-rotated.jpg\" \/>\n\t<meta property=\"og:image:width\" content=\"1500\" \/>\n\t<meta property=\"og:image:height\" content=\"2000\" \/>\n\t<meta property=\"og:image:type\" content=\"image\/jpeg\" \/>\n<meta name=\"author\" content=\"admin\" \/>\n<meta name=\"twitter:card\" content=\"summary_large_image\" \/>\n<meta name=\"twitter:label1\" content=\"Skriven av\" \/>\n\t<meta name=\"twitter:data1\" content=\"admin\" \/>\n\t<meta name=\"twitter:label2\" content=\"Ber\u00e4knad l\u00e4stid\" \/>\n\t<meta name=\"twitter:data2\" content=\"3 minuter\" \/>\n<script type=\"application\/ld+json\" class=\"yoast-schema-graph\">{\"@context\":\"https:\/\/schema.org\",\"@graph\":[{\"@type\":\"Article\",\"@id\":\"https:\/\/www.totemteatteri.com\/sv\/rokkaava-vahtimestari-loytaa-aikaa-oppilaille\/#article\",\"isPartOf\":{\"@id\":\"https:\/\/www.totemteatteri.com\/sv\/rokkaava-vahtimestari-loytaa-aikaa-oppilaille\/\"},\"author\":{\"name\":\"admin\",\"@id\":\"https:\/\/www.totemteatteri.com\/#\/schema\/person\/9ad4fd1ca657ae1df92f2f0440d9505d\"},\"headline\":\"Rokkaava vahtimestari l\u00f6yt\u00e4\u00e4 aikaa oppilaille\",\"datePublished\":\"2025-03-19T12:08:10+00:00\",\"dateModified\":\"2025-08-18T10:01:32+00:00\",\"mainEntityOfPage\":{\"@id\":\"https:\/\/www.totemteatteri.com\/sv\/rokkaava-vahtimestari-loytaa-aikaa-oppilaille\/\"},\"wordCount\":481,\"publisher\":{\"@id\":\"https:\/\/www.totemteatteri.com\/#organization\"},\"image\":{\"@id\":\"https:\/\/www.totemteatteri.com\/sv\/rokkaava-vahtimestari-loytaa-aikaa-oppilaille\/#primaryimage\"},\"thumbnailUrl\":\"https:\/\/www.totemteatteri.com\/wp-content\/uploads\/2025\/03\/kari_isolehto-rotated.jpg\",\"keywords\":[\"kiertue-esitys\",\"koulu\",\"lastenteatteri\",\"vahtimestari\"],\"articleSection\":[\"Blogi\"],\"inLanguage\":\"sv-SE\"},{\"@type\":\"WebPage\",\"@id\":\"https:\/\/www.totemteatteri.com\/sv\/rokkaava-vahtimestari-loytaa-aikaa-oppilaille\/\",\"url\":\"https:\/\/www.totemteatteri.com\/sv\/rokkaava-vahtimestari-loytaa-aikaa-oppilaille\/\",\"name\":\"Rokkaava vahtimestari l\u00f6yt\u00e4\u00e4 aikaa oppilaille - TOTEM-teatteri\",\"isPartOf\":{\"@id\":\"https:\/\/www.totemteatteri.com\/#website\"},\"primaryImageOfPage\":{\"@id\":\"https:\/\/www.totemteatteri.com\/sv\/rokkaava-vahtimestari-loytaa-aikaa-oppilaille\/#primaryimage\"},\"image\":{\"@id\":\"https:\/\/www.totemteatteri.com\/sv\/rokkaava-vahtimestari-loytaa-aikaa-oppilaille\/#primaryimage\"},\"thumbnailUrl\":\"https:\/\/www.totemteatteri.com\/wp-content\/uploads\/2025\/03\/kari_isolehto-rotated.jpg\",\"datePublished\":\"2025-03-19T12:08:10+00:00\",\"dateModified\":\"2025-08-18T10:01:32+00:00\",\"description\":\"Vahtimestari Kari Isolehto vaihtoi alaa rakennusalalta kouluun. H\u00e4n pit\u00e4\u00e4 ty\u00f6ss\u00e4\u00e4n eniten siit\u00e4, ett\u00e4 voi auttaa muita.\",\"inLanguage\":\"sv-SE\",\"potentialAction\":[{\"@type\":\"ReadAction\",\"target\":[\"https:\/\/www.totemteatteri.com\/sv\/rokkaava-vahtimestari-loytaa-aikaa-oppilaille\/\"]}]},{\"@type\":\"ImageObject\",\"inLanguage\":\"sv-SE\",\"@id\":\"https:\/\/www.totemteatteri.com\/sv\/rokkaava-vahtimestari-loytaa-aikaa-oppilaille\/#primaryimage\",\"url\":\"https:\/\/www.totemteatteri.com\/wp-content\/uploads\/2025\/03\/kari_isolehto-rotated.jpg\",\"contentUrl\":\"https:\/\/www.totemteatteri.com\/wp-content\/uploads\/2025\/03\/kari_isolehto-rotated.jpg\",\"width\":1500,\"height\":2000,\"caption\":\"Vahtimestari Kari Isolehto\"},{\"@type\":\"WebSite\",\"@id\":\"https:\/\/www.totemteatteri.com\/#website\",\"url\":\"https:\/\/www.totemteatteri.com\/\",\"name\":\"TOTEM-teatteri\",\"description\":\"TOTEM-teatterin kotisivut\",\"publisher\":{\"@id\":\"https:\/\/www.totemteatteri.com\/#organization\"},\"potentialAction\":[{\"@type\":\"SearchAction\",\"target\":{\"@type\":\"EntryPoint\",\"urlTemplate\":\"https:\/\/www.totemteatteri.com\/?s={search_term_string}\"},\"query-input\":{\"@type\":\"PropertyValueSpecification\",\"valueRequired\":true,\"valueName\":\"search_term_string\"}}],\"inLanguage\":\"sv-SE\"},{\"@type\":\"Organization\",\"@id\":\"https:\/\/www.totemteatteri.com\/#organization\",\"name\":\"TOTEM-teatteri\",\"url\":\"https:\/\/www.totemteatteri.com\/\",\"logo\":{\"@type\":\"ImageObject\",\"inLanguage\":\"sv-SE\",\"@id\":\"https:\/\/www.totemteatteri.com\/#\/schema\/logo\/image\/\",\"url\":\"https:\/\/www.totemteatteri.com\/wp-content\/uploads\/2023\/03\/logo-vaaka-sini-1100x200-1.jpg\",\"contentUrl\":\"https:\/\/www.totemteatteri.com\/wp-content\/uploads\/2023\/03\/logo-vaaka-sini-1100x200-1.jpg\",\"width\":1100,\"height\":200,\"caption\":\"TOTEM-teatteri\"},\"image\":{\"@id\":\"https:\/\/www.totemteatteri.com\/#\/schema\/logo\/image\/\"}},{\"@type\":\"Person\",\"@id\":\"https:\/\/www.totemteatteri.com\/#\/schema\/person\/9ad4fd1ca657ae1df92f2f0440d9505d\",\"name\":\"admin\",\"image\":{\"@type\":\"ImageObject\",\"inLanguage\":\"sv-SE\",\"@id\":\"https:\/\/www.totemteatteri.com\/#\/schema\/person\/image\/\",\"url\":\"https:\/\/secure.gravatar.com\/avatar\/577535558c363fdfe93cde7d547733e8d8126325652af8ecaf64580d9f038cc9?s=96&d=mm&r=g\",\"contentUrl\":\"https:\/\/secure.gravatar.com\/avatar\/577535558c363fdfe93cde7d547733e8d8126325652af8ecaf64580d9f038cc9?s=96&d=mm&r=g\",\"caption\":\"admin\"},\"sameAs\":[\"https:\/\/totemteatteri.com\"],\"url\":\"https:\/\/www.totemteatteri.com\/sv\/author\/admin\/\"}]}<\/script>\n<!-- \/ Yoast SEO plugin. -->","yoast_head_json":{"title":"Rokkaava vahtimestari l\u00f6yt\u00e4\u00e4 aikaa oppilaille - TOTEM-teatteri","description":"Vahtimestari Kari Isolehto vaihtoi alaa rakennusalalta kouluun. H\u00e4n pit\u00e4\u00e4 ty\u00f6ss\u00e4\u00e4n eniten siit\u00e4, ett\u00e4 voi auttaa muita.","robots":{"index":"index","follow":"follow","max-snippet":"max-snippet:-1","max-image-preview":"max-image-preview:large","max-video-preview":"max-video-preview:-1"},"canonical":"https:\/\/www.totemteatteri.com\/sv\/rokkaava-vahtimestari-loytaa-aikaa-oppilaille\/","og_locale":"sv_SE","og_type":"article","og_title":"Rokkaava vahtimestari l\u00f6yt\u00e4\u00e4 aikaa oppilaille - TOTEM-teatteri","og_description":"Vahtimestari Kari Isolehto vaihtoi alaa rakennusalalta kouluun. H\u00e4n pit\u00e4\u00e4 ty\u00f6ss\u00e4\u00e4n eniten siit\u00e4, ett\u00e4 voi auttaa muita.","og_url":"https:\/\/www.totemteatteri.com\/sv\/rokkaava-vahtimestari-loytaa-aikaa-oppilaille\/","og_site_name":"TOTEM-teatteri","article_published_time":"2025-03-19T12:08:10+00:00","article_modified_time":"2025-08-18T10:01:32+00:00","og_image":[{"width":1500,"height":2000,"url":"https:\/\/www.totemteatteri.com\/wp-content\/uploads\/2025\/03\/kari_isolehto-rotated.jpg","type":"image\/jpeg"}],"author":"admin","twitter_card":"summary_large_image","twitter_misc":{"Skriven av":"admin","Ber\u00e4knad l\u00e4stid":"3 minuter"},"schema":{"@context":"https:\/\/schema.org","@graph":[{"@type":"Article","@id":"https:\/\/www.totemteatteri.com\/sv\/rokkaava-vahtimestari-loytaa-aikaa-oppilaille\/#article","isPartOf":{"@id":"https:\/\/www.totemteatteri.com\/sv\/rokkaava-vahtimestari-loytaa-aikaa-oppilaille\/"},"author":{"name":"admin","@id":"https:\/\/www.totemteatteri.com\/#\/schema\/person\/9ad4fd1ca657ae1df92f2f0440d9505d"},"headline":"Rokkaava vahtimestari l\u00f6yt\u00e4\u00e4 aikaa oppilaille","datePublished":"2025-03-19T12:08:10+00:00","dateModified":"2025-08-18T10:01:32+00:00","mainEntityOfPage":{"@id":"https:\/\/www.totemteatteri.com\/sv\/rokkaava-vahtimestari-loytaa-aikaa-oppilaille\/"},"wordCount":481,"publisher":{"@id":"https:\/\/www.totemteatteri.com\/#organization"},"image":{"@id":"https:\/\/www.totemteatteri.com\/sv\/rokkaava-vahtimestari-loytaa-aikaa-oppilaille\/#primaryimage"},"thumbnailUrl":"https:\/\/www.totemteatteri.com\/wp-content\/uploads\/2025\/03\/kari_isolehto-rotated.jpg","keywords":["kiertue-esitys","koulu","lastenteatteri","vahtimestari"],"articleSection":["Blogi"],"inLanguage":"sv-SE"},{"@type":"WebPage","@id":"https:\/\/www.totemteatteri.com\/sv\/rokkaava-vahtimestari-loytaa-aikaa-oppilaille\/","url":"https:\/\/www.totemteatteri.com\/sv\/rokkaava-vahtimestari-loytaa-aikaa-oppilaille\/","name":"Rokkaava vahtimestari l\u00f6yt\u00e4\u00e4 aikaa oppilaille - TOTEM-teatteri","isPartOf":{"@id":"https:\/\/www.totemteatteri.com\/#website"},"primaryImageOfPage":{"@id":"https:\/\/www.totemteatteri.com\/sv\/rokkaava-vahtimestari-loytaa-aikaa-oppilaille\/#primaryimage"},"image":{"@id":"https:\/\/www.totemteatteri.com\/sv\/rokkaava-vahtimestari-loytaa-aikaa-oppilaille\/#primaryimage"},"thumbnailUrl":"https:\/\/www.totemteatteri.com\/wp-content\/uploads\/2025\/03\/kari_isolehto-rotated.jpg","datePublished":"2025-03-19T12:08:10+00:00","dateModified":"2025-08-18T10:01:32+00:00","description":"Vahtimestari Kari Isolehto vaihtoi alaa rakennusalalta kouluun. H\u00e4n pit\u00e4\u00e4 ty\u00f6ss\u00e4\u00e4n eniten siit\u00e4, ett\u00e4 voi auttaa muita.","inLanguage":"sv-SE","potentialAction":[{"@type":"ReadAction","target":["https:\/\/www.totemteatteri.com\/sv\/rokkaava-vahtimestari-loytaa-aikaa-oppilaille\/"]}]},{"@type":"ImageObject","inLanguage":"sv-SE","@id":"https:\/\/www.totemteatteri.com\/sv\/rokkaava-vahtimestari-loytaa-aikaa-oppilaille\/#primaryimage","url":"https:\/\/www.totemteatteri.com\/wp-content\/uploads\/2025\/03\/kari_isolehto-rotated.jpg","contentUrl":"https:\/\/www.totemteatteri.com\/wp-content\/uploads\/2025\/03\/kari_isolehto-rotated.jpg","width":1500,"height":2000,"caption":"Vahtimestari Kari Isolehto"},{"@type":"WebSite","@id":"https:\/\/www.totemteatteri.com\/#website","url":"https:\/\/www.totemteatteri.com\/","name":"TOTEM-teatern","description":"TOTEM-teatterin kotisivut","publisher":{"@id":"https:\/\/www.totemteatteri.com\/#organization"},"potentialAction":[{"@type":"SearchAction","target":{"@type":"EntryPoint","urlTemplate":"https:\/\/www.totemteatteri.com\/?s={search_term_string}"},"query-input":{"@type":"PropertyValueSpecification","valueRequired":true,"valueName":"search_term_string"}}],"inLanguage":"sv-SE"},{"@type":"Organization","@id":"https:\/\/www.totemteatteri.com\/#organization","name":"TOTEM-teatern","url":"https:\/\/www.totemteatteri.com\/","logo":{"@type":"ImageObject","inLanguage":"sv-SE","@id":"https:\/\/www.totemteatteri.com\/#\/schema\/logo\/image\/","url":"https:\/\/www.totemteatteri.com\/wp-content\/uploads\/2023\/03\/logo-vaaka-sini-1100x200-1.jpg","contentUrl":"https:\/\/www.totemteatteri.com\/wp-content\/uploads\/2023\/03\/logo-vaaka-sini-1100x200-1.jpg","width":1100,"height":200,"caption":"TOTEM-teatteri"},"image":{"@id":"https:\/\/www.totemteatteri.com\/#\/schema\/logo\/image\/"}},{"@type":"Person","@id":"https:\/\/www.totemteatteri.com\/#\/schema\/person\/9ad4fd1ca657ae1df92f2f0440d9505d","name":"admin","image":{"@type":"ImageObject","inLanguage":"sv-SE","@id":"https:\/\/www.totemteatteri.com\/#\/schema\/person\/image\/","url":"https:\/\/secure.gravatar.com\/avatar\/577535558c363fdfe93cde7d547733e8d8126325652af8ecaf64580d9f038cc9?s=96&d=mm&r=g","contentUrl":"https:\/\/secure.gravatar.com\/avatar\/577535558c363fdfe93cde7d547733e8d8126325652af8ecaf64580d9f038cc9?s=96&d=mm&r=g","caption":"admin"},"sameAs":["https:\/\/totemteatteri.com"],"url":"https:\/\/www.totemteatteri.com\/sv\/author\/admin\/"}]}},"_links":{"self":[{"href":"https:\/\/www.totemteatteri.com\/sv\/wp-json\/wp\/v2\/posts\/1863","targetHints":{"allow":["GET"]}}],"collection":[{"href":"https:\/\/www.totemteatteri.com\/sv\/wp-json\/wp\/v2\/posts"}],"about":[{"href":"https:\/\/www.totemteatteri.com\/sv\/wp-json\/wp\/v2\/types\/post"}],"author":[{"embeddable":true,"href":"https:\/\/www.totemteatteri.com\/sv\/wp-json\/wp\/v2\/users\/1"}],"replies":[{"embeddable":true,"href":"https:\/\/www.totemteatteri.com\/sv\/wp-json\/wp\/v2\/comments?post=1863"}],"version-history":[{"count":2,"href":"https:\/\/www.totemteatteri.com\/sv\/wp-json\/wp\/v2\/posts\/1863\/revisions"}],"predecessor-version":[{"id":1866,"href":"https:\/\/www.totemteatteri.com\/sv\/wp-json\/wp\/v2\/posts\/1863\/revisions\/1866"}],"wp:featuredmedia":[{"embeddable":true,"href":"https:\/\/www.totemteatteri.com\/sv\/wp-json\/wp\/v2\/media\/1864"}],"wp:attachment":[{"href":"https:\/\/www.totemteatteri.com\/sv\/wp-json\/wp\/v2\/media?parent=1863"}],"wp:term":[{"taxonomy":"category","embeddable":true,"href":"https:\/\/www.totemteatteri.com\/sv\/wp-json\/wp\/v2\/categories?post=1863"},{"taxonomy":"post_tag","embeddable":true,"href":"https:\/\/www.totemteatteri.com\/sv\/wp-json\/wp\/v2\/tags?post=1863"}],"curies":[{"name":"wp","href":"https:\/\/api.w.org\/{rel}","templated":true}]}}