{"id":1793,"date":"2024-11-14T11:35:43","date_gmt":"2024-11-14T09:35:43","guid":{"rendered":"https:\/\/www.totemteatteri.com\/?p=1793"},"modified":"2024-11-14T11:42:46","modified_gmt":"2024-11-14T09:42:46","slug":"oma-mielikuvitus-tyostaa-esitysta-eteenpain","status":"publish","type":"post","link":"http:\/\/www.totemteatteri.com\/sv\/oma-mielikuvitus-tyostaa-esitysta-eteenpain\/","title":{"rendered":"Oma mielikuvitus ty\u00f6st\u00e4\u00e4 esityst\u00e4 eteenp\u00e4in"},"content":{"rendered":"<p>Yleis\u00f6ty\u00f6 on t\u00e4rke\u00e4 osa TOTEM-teatterin kiertue-esityksi\u00e4. Se alkaa heti esityksen j\u00e4lkeen, jolloin n\u00e4yttelij\u00e4t viritt\u00e4v\u00e4t lyhyen loppukeskustelun yleis\u00f6n kanssa.<\/p>\n\n\n\n<p>Teatteripedagogi <strong>Irene Tuominen<\/strong> vet\u00e4\u00e4 kouluilla pidett\u00e4v\u00e4t esitykseen liittyv\u00e4t ty\u00f6pajat sek\u00e4 suunnittelee luokille l\u00e4hetett\u00e4v\u00e4t ennakko- ja purkuteht\u00e4v\u00e4t. Teht\u00e4v\u00e4t ja ty\u00f6paja tuovat esityksen ja katsojat l\u00e4hemm\u00e4ksi toisiaan. Kun yleis\u00f6 eli koululaiset ty\u00f6st\u00e4v\u00e4t esityksen teemoja yhdess\u00e4, j\u00e4\u00e4v\u00e4t ne el\u00e4m\u00e4\u00e4n pidemp\u00e4\u00e4n mieless\u00e4.<\/p>\n\n\n\n<figure class=\"wp-block-image size-large is-resized\"><img loading=\"lazy\" decoding=\"async\" width=\"1024\" height=\"768\" src=\"http:\/\/www.totemteatteri.com\/wp-content\/uploads\/2024\/11\/Irene-1024x768.jpg\" alt=\"\" class=\"wp-image-1794\" style=\"width:724px;height:auto\" srcset=\"http:\/\/www.totemteatteri.com\/wp-content\/uploads\/2024\/11\/Irene-1024x768.jpg 1024w, http:\/\/www.totemteatteri.com\/wp-content\/uploads\/2024\/11\/Irene-300x225.jpg 300w, http:\/\/www.totemteatteri.com\/wp-content\/uploads\/2024\/11\/Irene-768x576.jpg 768w, http:\/\/www.totemteatteri.com\/wp-content\/uploads\/2024\/11\/Irene-1536x1152.jpg 1536w, http:\/\/www.totemteatteri.com\/wp-content\/uploads\/2024\/11\/Irene-2048x1536.jpg 2048w, http:\/\/www.totemteatteri.com\/wp-content\/uploads\/2024\/11\/Irene-16x12.jpg 16w, http:\/\/www.totemteatteri.com\/wp-content\/uploads\/2024\/11\/Irene-1250x938.jpg 1250w\" sizes=\"auto, (max-width: 1024px) 100vw, 1024px\" \/><figcaption class=\"wp-element-caption\">Irene Tuominen<\/figcaption><\/figure>\n\n\n\n<h2 class=\"wp-block-heading\"><strong>Mit\u00e4 ty\u00f6pajassa tehd\u00e4\u00e4n?<\/strong><\/h2>\n\n\n\n<p>Irene saapuu kouluun pit\u00e4m\u00e4\u00e4n ty\u00f6pajaa noin viikon kuluttua esityksest\u00e4. Silloin oppilailla on esitys viel\u00e4 tuoreessa muistissa. Ty\u00f6pajan pituus on oppitunnin mitta eli 45 minuuttia.<\/p>\n\n\n\n<p>Pajassa esityksen teemoja k\u00e4sitell\u00e4\u00e4n useimmiten draaman avulla. My\u00f6s pieni\u00e4 kirjoittamis- ja piirt\u00e4misteht\u00e4vi\u00e4 voi olla. Omaa mielikuvitusta k\u00e4ytet\u00e4\u00e4n paljon. Oppilaan oma tapa tulkita ja kokea esitys riitt\u00e4\u00e4, valmiiksi muotoiltuja ajatuksia ei tarvitse olla.<\/p>\n\n\n\n<p>\u2013 Yleis\u00f6ty\u00f6ntekij\u00e4n teht\u00e4v\u00e4 ei ole selitt\u00e4\u00e4 auki esityst\u00e4, miten se kuuluu tulkita tai tuoda mit\u00e4\u00e4n lis\u00e4\u00e4 siihen, Irene sanoo.<\/p>\n\n\n\n<p>Ty\u00f6pajassa p\u00e4\u00e4osassa on yleis\u00f6 eli koululaiset. Kenenk\u00e4\u00e4n ei ole pakko olla \u00e4\u00e4ness\u00e4, kuuntelemallakin oppii. Vaikka ei olisi itse miettinyt esityst\u00e4 sen syv\u00e4llisemmin, voi jonkun toisen kommentti tai mielipide lis\u00e4t\u00e4 omaa k\u00e4sityst\u00e4 esityksest\u00e4.<\/p>\n\n\n\n<p>\u2013 Parhaimmillaan saamme kiinni samasta tunnelmasta kuin esityksess\u00e4. Esimerkiksi loppurentoutuksessa voi olla sama musiikki kuin esityksess\u00e4, Irene kertoo.<\/p>\n\n\n\n<h2 class=\"wp-block-heading\"><strong>Heng\u00e4hdyshetki koulup\u00e4iv\u00e4\u00e4n<\/strong><\/h2>\n\n\n\n<p>Koulujen arki on usein hektist\u00e4 ja monet koulut ovat varsinkin p\u00e4\u00e4kaupunkiseudulla isoja. Oppimista mitataan numeroin tai muulla tavoin. Ty\u00f6pajoissa Irene haluaa k\u00e4\u00e4nt\u00e4\u00e4 n\u00e4k\u00f6kulman pois suorituspaineista ja tuoda tilalle armeliaisuutta ja l\u00e4mp\u00f6\u00e4.<\/p>\n\n\n\n<p>Ty\u00f6pajat on suunnattu kaikille alakouluik\u00e4isille. Ik\u00e4haitari on siis laaja: ekaluokkalaiset ovat vasta aloittaneet koulun ja kuudesluokkalaiset ovat astumassa teini-ik\u00e4\u00e4n. Irene painottaa, ett\u00e4 silti kuudesluokkalaisetkin haluavat leikki\u00e4. Pieni vastustus voi liitty\u00e4 kehtaamiseen. Voinko heitt\u00e4yty\u00e4 mukaan harjoitukseen, mit\u00e4 kaverit ajattelevat?<\/p>\n\n\n\n<p>Opettajat ovat kertoneet, ett\u00e4 ty\u00f6pajassa on mukava olla v\u00e4lill\u00e4 tarkkailijan roolissa. Oppilasryhm\u00e4n roolit saattavat n\u00e4ytt\u00e4yty\u00e4 eri valossa, kun tuntia vet\u00e4\u00e4kin joku toinen ja tunnin sis\u00e4lt\u00f6 on erilainen<\/p>\n\n\n\n<p>My\u00f6s oppilailta tulee usein kiitt\u00e4vi\u00e4 kommentteja: \u201dT\u00e4\u00e4 on tosi kivaa!\u201d<\/p>\n\n\n\n<p>\u2013 Sekin on palaute, jos he n\u00e4ytt\u00e4v\u00e4t keskittyv\u00e4n ja nauttivan. Non-verbaalinen palaute on ihan yht\u00e4 arvokasta, Irene sanoo.<\/p>\n\n\n\n<h2 class=\"wp-block-heading\"><strong>Oppia leikkien<\/strong><\/h2>\n\n\n\n<p>Irene kertoo itse olleensa koulussa sellainen oppija, jolle paikallaan istuminen ei ollut ominaisin tapa oppia. Ty\u00f6ss\u00e4\u00e4n teatteripedagogina h\u00e4n p\u00e4\u00e4see n\u00e4ytt\u00e4m\u00e4\u00e4n koululaisille toisenlaisia tapoja oppia.<\/p>\n\n\n\n<p>\u2013 On ihana k\u00e4ytt\u00e4\u00e4 niit\u00e4 menetelmi\u00e4, jotka ovat suurimmalle osalle ihmisi\u00e4 luontaisia. Tekem\u00e4ll\u00e4 oppiminen ja leikinomaisuus putoavat helposti aikuisten maailmasta pois, vaikka ne ovat iso osa ihmisen\u00e4 olemista, Irene sanoo. <\/p>\n\n\n\n<p>H\u00e4nen mielest\u00e4\u00e4n t\u00e4ss\u00e4 ajassa tuntuu arvokkaalta, ett\u00e4 ty\u00f6pajassa ollaan yhdess\u00e4 ja panostetaan aitoon vuorovaikutukseen. Kyse on kohtaamisesta ja toisen kunnioittamisesta \u2013 arjessa tarvittavista kommunikaatiotaidoista siis.<\/p>\n\n\n\n<p>Teksti ja kuva: Marjo Linnasalmi<\/p>","protected":false},"excerpt":{"rendered":"<p>Yleis\u00f6ty\u00f6 on t\u00e4rke\u00e4 osa TOTEM-teatterin kiertue-esityksi\u00e4. Se alkaa heti esityksen j\u00e4lkeen, jolloin n\u00e4yttelij\u00e4t viritt\u00e4v\u00e4t lyhyen loppukeskustelun yleis\u00f6n kanssa. Teatteripedagogi Irene Tuominen vet\u00e4\u00e4 kouluilla pidett\u00e4v\u00e4t esitykseen liittyv\u00e4t ty\u00f6pajat sek\u00e4 suunnittelee luokille&#8230;<\/p>","protected":false},"author":1,"featured_media":0,"comment_status":"closed","ping_status":"closed","sticky":true,"template":"","format":"standard","meta":{"footnotes":""},"categories":[29],"tags":[45,44,43,41,42],"class_list":["post-1793","post","type-post","status-publish","format-standard","hentry","category-blogi","tag-kiertue-esitys","tag-lastenteatteri","tag-teatteripedagogi","tag-tyopaja","tag-yleisotyo"],"yoast_head":"<!-- This site is optimized with the Yoast SEO plugin v26.8 - https:\/\/yoast.com\/product\/yoast-seo-wordpress\/ -->\n<title>Oma mielikuvitus ty\u00f6st\u00e4\u00e4 esityst\u00e4 eteenp\u00e4in - TOTEM-teatteri<\/title>\n<meta name=\"robots\" content=\"index, follow, max-snippet:-1, max-image-preview:large, max-video-preview:-1\" \/>\n<link rel=\"canonical\" href=\"http:\/\/www.totemteatteri.com\/sv\/oma-mielikuvitus-tyostaa-esitysta-eteenpain\/\" \/>\n<meta property=\"og:locale\" content=\"sv_SE\" \/>\n<meta property=\"og:type\" content=\"article\" \/>\n<meta property=\"og:title\" content=\"Oma mielikuvitus ty\u00f6st\u00e4\u00e4 esityst\u00e4 eteenp\u00e4in - TOTEM-teatteri\" \/>\n<meta property=\"og:description\" content=\"Yleis\u00f6ty\u00f6 on t\u00e4rke\u00e4 osa TOTEM-teatterin kiertue-esityksi\u00e4. Se alkaa heti esityksen j\u00e4lkeen, jolloin n\u00e4yttelij\u00e4t viritt\u00e4v\u00e4t lyhyen loppukeskustelun yleis\u00f6n kanssa. Teatteripedagogi Irene Tuominen vet\u00e4\u00e4 kouluilla pidett\u00e4v\u00e4t esitykseen liittyv\u00e4t ty\u00f6pajat sek\u00e4 suunnittelee luokille...\" \/>\n<meta property=\"og:url\" content=\"http:\/\/www.totemteatteri.com\/sv\/oma-mielikuvitus-tyostaa-esitysta-eteenpain\/\" \/>\n<meta property=\"og:site_name\" content=\"TOTEM-teatteri\" \/>\n<meta property=\"article:published_time\" content=\"2024-11-14T09:35:43+00:00\" \/>\n<meta property=\"article:modified_time\" content=\"2024-11-14T09:42:46+00:00\" \/>\n<meta property=\"og:image\" content=\"http:\/\/www.totemteatteri.com\/wp-content\/uploads\/2024\/11\/Irene-1024x768.jpg\" \/>\n<meta name=\"author\" content=\"admin\" \/>\n<meta name=\"twitter:card\" content=\"summary_large_image\" \/>\n<meta name=\"twitter:label1\" content=\"Skriven av\" \/>\n\t<meta name=\"twitter:data1\" content=\"admin\" \/>\n\t<meta name=\"twitter:label2\" content=\"Ber\u00e4knad l\u00e4stid\" \/>\n\t<meta name=\"twitter:data2\" content=\"3 minuter\" \/>\n<script type=\"application\/ld+json\" class=\"yoast-schema-graph\">{\"@context\":\"https:\/\/schema.org\",\"@graph\":[{\"@type\":\"Article\",\"@id\":\"http:\/\/www.totemteatteri.com\/oma-mielikuvitus-tyostaa-esitysta-eteenpain\/#article\",\"isPartOf\":{\"@id\":\"http:\/\/www.totemteatteri.com\/oma-mielikuvitus-tyostaa-esitysta-eteenpain\/\"},\"author\":{\"name\":\"admin\",\"@id\":\"http:\/\/www.totemteatteri.com\/#\/schema\/person\/9ad4fd1ca657ae1df92f2f0440d9505d\"},\"headline\":\"Oma mielikuvitus ty\u00f6st\u00e4\u00e4 esityst\u00e4 eteenp\u00e4in\",\"datePublished\":\"2024-11-14T09:35:43+00:00\",\"dateModified\":\"2024-11-14T09:42:46+00:00\",\"mainEntityOfPage\":{\"@id\":\"http:\/\/www.totemteatteri.com\/oma-mielikuvitus-tyostaa-esitysta-eteenpain\/\"},\"wordCount\":493,\"publisher\":{\"@id\":\"http:\/\/www.totemteatteri.com\/#organization\"},\"image\":{\"@id\":\"http:\/\/www.totemteatteri.com\/oma-mielikuvitus-tyostaa-esitysta-eteenpain\/#primaryimage\"},\"thumbnailUrl\":\"http:\/\/www.totemteatteri.com\/wp-content\/uploads\/2024\/11\/Irene-1024x768.jpg\",\"keywords\":[\"kiertue-esitys\",\"lastenteatteri\",\"teatteripedagogi\",\"ty\u00f6paja\",\"yleis\u00f6ty\u00f6\"],\"articleSection\":[\"Blogi\"],\"inLanguage\":\"sv-SE\"},{\"@type\":\"WebPage\",\"@id\":\"http:\/\/www.totemteatteri.com\/oma-mielikuvitus-tyostaa-esitysta-eteenpain\/\",\"url\":\"http:\/\/www.totemteatteri.com\/oma-mielikuvitus-tyostaa-esitysta-eteenpain\/\",\"name\":\"Oma mielikuvitus ty\u00f6st\u00e4\u00e4 esityst\u00e4 eteenp\u00e4in - TOTEM-teatteri\",\"isPartOf\":{\"@id\":\"http:\/\/www.totemteatteri.com\/#website\"},\"primaryImageOfPage\":{\"@id\":\"http:\/\/www.totemteatteri.com\/oma-mielikuvitus-tyostaa-esitysta-eteenpain\/#primaryimage\"},\"image\":{\"@id\":\"http:\/\/www.totemteatteri.com\/oma-mielikuvitus-tyostaa-esitysta-eteenpain\/#primaryimage\"},\"thumbnailUrl\":\"http:\/\/www.totemteatteri.com\/wp-content\/uploads\/2024\/11\/Irene-1024x768.jpg\",\"datePublished\":\"2024-11-14T09:35:43+00:00\",\"dateModified\":\"2024-11-14T09:42:46+00:00\",\"inLanguage\":\"sv-SE\",\"potentialAction\":[{\"@type\":\"ReadAction\",\"target\":[\"http:\/\/www.totemteatteri.com\/oma-mielikuvitus-tyostaa-esitysta-eteenpain\/\"]}]},{\"@type\":\"ImageObject\",\"inLanguage\":\"sv-SE\",\"@id\":\"http:\/\/www.totemteatteri.com\/oma-mielikuvitus-tyostaa-esitysta-eteenpain\/#primaryimage\",\"url\":\"http:\/\/www.totemteatteri.com\/wp-content\/uploads\/2024\/11\/Irene-1024x768.jpg\",\"contentUrl\":\"http:\/\/www.totemteatteri.com\/wp-content\/uploads\/2024\/11\/Irene-1024x768.jpg\"},{\"@type\":\"WebSite\",\"@id\":\"http:\/\/www.totemteatteri.com\/#website\",\"url\":\"http:\/\/www.totemteatteri.com\/\",\"name\":\"TOTEM-teatteri\",\"description\":\"TOTEM-teatterin kotisivut\",\"publisher\":{\"@id\":\"http:\/\/www.totemteatteri.com\/#organization\"},\"potentialAction\":[{\"@type\":\"SearchAction\",\"target\":{\"@type\":\"EntryPoint\",\"urlTemplate\":\"http:\/\/www.totemteatteri.com\/?s={search_term_string}\"},\"query-input\":{\"@type\":\"PropertyValueSpecification\",\"valueRequired\":true,\"valueName\":\"search_term_string\"}}],\"inLanguage\":\"sv-SE\"},{\"@type\":\"Organization\",\"@id\":\"http:\/\/www.totemteatteri.com\/#organization\",\"name\":\"TOTEM-teatteri\",\"url\":\"http:\/\/www.totemteatteri.com\/\",\"logo\":{\"@type\":\"ImageObject\",\"inLanguage\":\"sv-SE\",\"@id\":\"http:\/\/www.totemteatteri.com\/#\/schema\/logo\/image\/\",\"url\":\"http:\/\/www.totemteatteri.com\/wp-content\/uploads\/2023\/03\/logo-vaaka-sini-1100x200-1.jpg\",\"contentUrl\":\"http:\/\/www.totemteatteri.com\/wp-content\/uploads\/2023\/03\/logo-vaaka-sini-1100x200-1.jpg\",\"width\":1100,\"height\":200,\"caption\":\"TOTEM-teatteri\"},\"image\":{\"@id\":\"http:\/\/www.totemteatteri.com\/#\/schema\/logo\/image\/\"}},{\"@type\":\"Person\",\"@id\":\"http:\/\/www.totemteatteri.com\/#\/schema\/person\/9ad4fd1ca657ae1df92f2f0440d9505d\",\"name\":\"admin\",\"image\":{\"@type\":\"ImageObject\",\"inLanguage\":\"sv-SE\",\"@id\":\"http:\/\/www.totemteatteri.com\/#\/schema\/person\/image\/\",\"url\":\"https:\/\/secure.gravatar.com\/avatar\/577535558c363fdfe93cde7d547733e8d8126325652af8ecaf64580d9f038cc9?s=96&d=mm&r=g\",\"contentUrl\":\"https:\/\/secure.gravatar.com\/avatar\/577535558c363fdfe93cde7d547733e8d8126325652af8ecaf64580d9f038cc9?s=96&d=mm&r=g\",\"caption\":\"admin\"},\"sameAs\":[\"https:\/\/totemteatteri.com\"],\"url\":\"http:\/\/www.totemteatteri.com\/sv\/author\/admin\/\"}]}<\/script>\n<!-- \/ Yoast SEO plugin. -->","yoast_head_json":{"title":"Oma mielikuvitus ty\u00f6st\u00e4\u00e4 esityst\u00e4 eteenp\u00e4in - TOTEM-teatteri","robots":{"index":"index","follow":"follow","max-snippet":"max-snippet:-1","max-image-preview":"max-image-preview:large","max-video-preview":"max-video-preview:-1"},"canonical":"http:\/\/www.totemteatteri.com\/sv\/oma-mielikuvitus-tyostaa-esitysta-eteenpain\/","og_locale":"sv_SE","og_type":"article","og_title":"Oma mielikuvitus ty\u00f6st\u00e4\u00e4 esityst\u00e4 eteenp\u00e4in - TOTEM-teatteri","og_description":"Yleis\u00f6ty\u00f6 on t\u00e4rke\u00e4 osa TOTEM-teatterin kiertue-esityksi\u00e4. Se alkaa heti esityksen j\u00e4lkeen, jolloin n\u00e4yttelij\u00e4t viritt\u00e4v\u00e4t lyhyen loppukeskustelun yleis\u00f6n kanssa. Teatteripedagogi Irene Tuominen vet\u00e4\u00e4 kouluilla pidett\u00e4v\u00e4t esitykseen liittyv\u00e4t ty\u00f6pajat sek\u00e4 suunnittelee luokille...","og_url":"http:\/\/www.totemteatteri.com\/sv\/oma-mielikuvitus-tyostaa-esitysta-eteenpain\/","og_site_name":"TOTEM-teatteri","article_published_time":"2024-11-14T09:35:43+00:00","article_modified_time":"2024-11-14T09:42:46+00:00","og_image":[{"url":"http:\/\/www.totemteatteri.com\/wp-content\/uploads\/2024\/11\/Irene-1024x768.jpg","type":"","width":"","height":""}],"author":"admin","twitter_card":"summary_large_image","twitter_misc":{"Skriven av":"admin","Ber\u00e4knad l\u00e4stid":"3 minuter"},"schema":{"@context":"https:\/\/schema.org","@graph":[{"@type":"Article","@id":"http:\/\/www.totemteatteri.com\/oma-mielikuvitus-tyostaa-esitysta-eteenpain\/#article","isPartOf":{"@id":"http:\/\/www.totemteatteri.com\/oma-mielikuvitus-tyostaa-esitysta-eteenpain\/"},"author":{"name":"admin","@id":"http:\/\/www.totemteatteri.com\/#\/schema\/person\/9ad4fd1ca657ae1df92f2f0440d9505d"},"headline":"Oma mielikuvitus ty\u00f6st\u00e4\u00e4 esityst\u00e4 eteenp\u00e4in","datePublished":"2024-11-14T09:35:43+00:00","dateModified":"2024-11-14T09:42:46+00:00","mainEntityOfPage":{"@id":"http:\/\/www.totemteatteri.com\/oma-mielikuvitus-tyostaa-esitysta-eteenpain\/"},"wordCount":493,"publisher":{"@id":"http:\/\/www.totemteatteri.com\/#organization"},"image":{"@id":"http:\/\/www.totemteatteri.com\/oma-mielikuvitus-tyostaa-esitysta-eteenpain\/#primaryimage"},"thumbnailUrl":"http:\/\/www.totemteatteri.com\/wp-content\/uploads\/2024\/11\/Irene-1024x768.jpg","keywords":["kiertue-esitys","lastenteatteri","teatteripedagogi","ty\u00f6paja","yleis\u00f6ty\u00f6"],"articleSection":["Blogi"],"inLanguage":"sv-SE"},{"@type":"WebPage","@id":"http:\/\/www.totemteatteri.com\/oma-mielikuvitus-tyostaa-esitysta-eteenpain\/","url":"http:\/\/www.totemteatteri.com\/oma-mielikuvitus-tyostaa-esitysta-eteenpain\/","name":"Oma mielikuvitus ty\u00f6st\u00e4\u00e4 esityst\u00e4 eteenp\u00e4in - TOTEM-teatteri","isPartOf":{"@id":"http:\/\/www.totemteatteri.com\/#website"},"primaryImageOfPage":{"@id":"http:\/\/www.totemteatteri.com\/oma-mielikuvitus-tyostaa-esitysta-eteenpain\/#primaryimage"},"image":{"@id":"http:\/\/www.totemteatteri.com\/oma-mielikuvitus-tyostaa-esitysta-eteenpain\/#primaryimage"},"thumbnailUrl":"http:\/\/www.totemteatteri.com\/wp-content\/uploads\/2024\/11\/Irene-1024x768.jpg","datePublished":"2024-11-14T09:35:43+00:00","dateModified":"2024-11-14T09:42:46+00:00","inLanguage":"sv-SE","potentialAction":[{"@type":"ReadAction","target":["http:\/\/www.totemteatteri.com\/oma-mielikuvitus-tyostaa-esitysta-eteenpain\/"]}]},{"@type":"ImageObject","inLanguage":"sv-SE","@id":"http:\/\/www.totemteatteri.com\/oma-mielikuvitus-tyostaa-esitysta-eteenpain\/#primaryimage","url":"http:\/\/www.totemteatteri.com\/wp-content\/uploads\/2024\/11\/Irene-1024x768.jpg","contentUrl":"http:\/\/www.totemteatteri.com\/wp-content\/uploads\/2024\/11\/Irene-1024x768.jpg"},{"@type":"WebSite","@id":"http:\/\/www.totemteatteri.com\/#website","url":"http:\/\/www.totemteatteri.com\/","name":"TOTEM-teatern","description":"TOTEM-teatterin kotisivut","publisher":{"@id":"http:\/\/www.totemteatteri.com\/#organization"},"potentialAction":[{"@type":"SearchAction","target":{"@type":"EntryPoint","urlTemplate":"http:\/\/www.totemteatteri.com\/?s={search_term_string}"},"query-input":{"@type":"PropertyValueSpecification","valueRequired":true,"valueName":"search_term_string"}}],"inLanguage":"sv-SE"},{"@type":"Organization","@id":"http:\/\/www.totemteatteri.com\/#organization","name":"TOTEM-teatern","url":"http:\/\/www.totemteatteri.com\/","logo":{"@type":"ImageObject","inLanguage":"sv-SE","@id":"http:\/\/www.totemteatteri.com\/#\/schema\/logo\/image\/","url":"http:\/\/www.totemteatteri.com\/wp-content\/uploads\/2023\/03\/logo-vaaka-sini-1100x200-1.jpg","contentUrl":"http:\/\/www.totemteatteri.com\/wp-content\/uploads\/2023\/03\/logo-vaaka-sini-1100x200-1.jpg","width":1100,"height":200,"caption":"TOTEM-teatteri"},"image":{"@id":"http:\/\/www.totemteatteri.com\/#\/schema\/logo\/image\/"}},{"@type":"Person","@id":"http:\/\/www.totemteatteri.com\/#\/schema\/person\/9ad4fd1ca657ae1df92f2f0440d9505d","name":"admin","image":{"@type":"ImageObject","inLanguage":"sv-SE","@id":"http:\/\/www.totemteatteri.com\/#\/schema\/person\/image\/","url":"https:\/\/secure.gravatar.com\/avatar\/577535558c363fdfe93cde7d547733e8d8126325652af8ecaf64580d9f038cc9?s=96&d=mm&r=g","contentUrl":"https:\/\/secure.gravatar.com\/avatar\/577535558c363fdfe93cde7d547733e8d8126325652af8ecaf64580d9f038cc9?s=96&d=mm&r=g","caption":"admin"},"sameAs":["https:\/\/totemteatteri.com"],"url":"http:\/\/www.totemteatteri.com\/sv\/author\/admin\/"}]}},"_links":{"self":[{"href":"http:\/\/www.totemteatteri.com\/sv\/wp-json\/wp\/v2\/posts\/1793","targetHints":{"allow":["GET"]}}],"collection":[{"href":"http:\/\/www.totemteatteri.com\/sv\/wp-json\/wp\/v2\/posts"}],"about":[{"href":"http:\/\/www.totemteatteri.com\/sv\/wp-json\/wp\/v2\/types\/post"}],"author":[{"embeddable":true,"href":"http:\/\/www.totemteatteri.com\/sv\/wp-json\/wp\/v2\/users\/1"}],"replies":[{"embeddable":true,"href":"http:\/\/www.totemteatteri.com\/sv\/wp-json\/wp\/v2\/comments?post=1793"}],"version-history":[{"count":3,"href":"http:\/\/www.totemteatteri.com\/sv\/wp-json\/wp\/v2\/posts\/1793\/revisions"}],"predecessor-version":[{"id":1797,"href":"http:\/\/www.totemteatteri.com\/sv\/wp-json\/wp\/v2\/posts\/1793\/revisions\/1797"}],"wp:attachment":[{"href":"http:\/\/www.totemteatteri.com\/sv\/wp-json\/wp\/v2\/media?parent=1793"}],"wp:term":[{"taxonomy":"category","embeddable":true,"href":"http:\/\/www.totemteatteri.com\/sv\/wp-json\/wp\/v2\/categories?post=1793"},{"taxonomy":"post_tag","embeddable":true,"href":"http:\/\/www.totemteatteri.com\/sv\/wp-json\/wp\/v2\/tags?post=1793"}],"curies":[{"name":"wp","href":"https:\/\/api.w.org\/{rel}","templated":true}]}}